{"id":1306,"date":"2019-02-04T15:12:33","date_gmt":"2019-02-04T14:12:33","guid":{"rendered":"https:\/\/planet4u.de\/charle\/blog\/?p=1306"},"modified":"2021-05-14T12:18:09","modified_gmt":"2021-05-14T10:18:09","slug":"geschichten-aus-dem-kiez","status":"publish","type":"post","link":"https:\/\/planet4u.de\/charle\/blog\/2019\/02\/04\/geschichten-aus-dem-kiez\/","title":{"rendered":"Geschichten aus dem Kiez"},"content":{"rendered":"\n<div class=\"wp-block-cover has-background-dim\"><img loading=\"lazy\" decoding=\"async\" width=\"1701\" height=\"3024\" class=\"wp-block-cover__image-background wp-image-1307\" alt=\"\" src=\"https:\/\/planet4u.de\/charle\/blog\/wp-content\/uploads\/2019\/02\/20190202_145413_resized.jpg\" data-object-fit=\"cover\" srcset=\"https:\/\/planet4u.de\/charle\/blog\/wp-content\/uploads\/2019\/02\/20190202_145413_resized.jpg 1701w, https:\/\/planet4u.de\/charle\/blog\/wp-content\/uploads\/2019\/02\/20190202_145413_resized-169x300.jpg 169w, https:\/\/planet4u.de\/charle\/blog\/wp-content\/uploads\/2019\/02\/20190202_145413_resized-768x1365.jpg 768w, https:\/\/planet4u.de\/charle\/blog\/wp-content\/uploads\/2019\/02\/20190202_145413_resized-576x1024.jpg 576w\" sizes=\"auto, (max-width: 767px) 89vw, (max-width: 1000px) 54vw, (max-width: 1071px) 543px, 580px\" \/><div class=\"wp-block-cover__inner-container is-layout-flow wp-block-cover-is-layout-flow\">\n<p class=\"has-text-align-center has-large-font-size\"><strong>Teptow-K\u00f6penick<\/strong><br><strong>ist <\/strong><br><strong>Fairtrade Town<\/strong><\/p>\n<\/div><\/div>\n\n\n\n<h4 class=\"wp-block-heading\"><strong>Wie alles begann<\/strong><\/h4>\n\n\n\n<p>Die Bezirksverordnetenversammlung (BVV) beschloss 2015, dass der Bezirk Treptow-K\u00f6penick Fairtrade Town werden m\u00f6chte. 2017 wurde eine Steuerungsgruppe aus zivilen Vertretern und Akteuren aus Wirtschaft, Verwaltung, Politik, Kirchengemeinden sowie Schulen gegr\u00fcndet, die die Kampagnenarbeit organisierte.<\/p>\n\n\n\n<h4 class=\"wp-block-heading\"><strong>Und dann?<\/strong><\/h4>\n\n\n\n<!--more-->\n\n\n\n<p>Nach meinen M\u00f6glichkeiten habe ich hier in der Arbeitsgruppe AG1 &#8211; Einzelhandel und Gastronomie &#8211; mitgemischt. Gemeinsam mit zwei weiteren Arbeitsgruppen Globales Lernen (Schulen\/Vereine\/Kirchengemeinden = AG2) und Aktionen (AG3) k\u00fcmmerten wir uns darum die Siegelkriterien zu erf\u00fcllen und umzusetzen.<br>F\u00fcr die Sensibilisierung der \u00d6ffentlichkeit sorgten eigenst\u00e4ndige Aktionen, wie Workshops zu fairen B\u00e4llen an Schulen, Fussballturniere, Faires-Fahrrad-Fr\u00fchst\u00fcck und Teilnahmen an Freiwillentagen sowie dem Fest f\u00fcr Demokratie und Toleranz.<\/p>\n\n\n\n<h4 class=\"wp-block-heading\"><strong>Welche Kriterien mussten hier erf\u00fcllt werden? <\/strong><\/h4>\n\n\n\n<p>Die Kriterien f\u00fcr den Einzelhandel und Gastronomie sehen vor, dass nachweislich mindestens zwei Produkte aus fairem Handel angeboten werden m\u00fcssen, um den Titel f\u00fchren zu d\u00fcrfen. Diese Produkte m\u00fcssen das FAIRTRADE Siegel auf der Verpackung f\u00fchren.<\/p>\n\n\n\n<p>F\u00fcr \u00f6ffentliche Einrichtungen wie Schulen, Vereine und Kirchen gilt dasselbe. Dar\u00fcber hinaus verlangt es der Kriterienkatalog, dass Bildungsaktivit\u00e4ten zum Thema fairer Handel umgesetzt werden, oft im Rahmen weiterer Kampagnen.<br>Weitere Info findet ihr <a href=\"https:\/\/www.fairtrade-towns.de\/mitmachen\/die-fuenf-kriterien\/\">hier<\/a>.<\/p>\n\n\n\n<h4 class=\"wp-block-heading\"><strong>Der Titel<\/strong><\/h4>\n\n\n\n<p>Seit 12.01.2019 tragen wir ihn: den Titel <strong><a href=\"https:\/\/www.fairtrade-towns.de\/no_cache\/startseite\/\">Fairtrade Town<\/a><\/strong><a href=\"https:\/\/www.fairtrade-towns.de\/no_cache\/startseite\/\">.<\/a> Die Urkunde wurde auf der Jahres-Auftaktveranstaltung im Rathaus Treptow-K\u00f6penick feierlich \u00fcbergeben.<\/p>\n\n\n\n<figure class=\"wp-block-image\"><img loading=\"lazy\" decoding=\"async\" width=\"484\" height=\"1024\" src=\"https:\/\/planet4u.de\/charle\/blog\/wp-content\/uploads\/2019\/02\/20190112_161050-484x1024.jpg\" alt=\"\" class=\"wp-image-1309\" srcset=\"https:\/\/planet4u.de\/charle\/blog\/wp-content\/uploads\/2019\/02\/20190112_161050-484x1024.jpg 484w, https:\/\/planet4u.de\/charle\/blog\/wp-content\/uploads\/2019\/02\/20190112_161050-142x300.jpg 142w, https:\/\/planet4u.de\/charle\/blog\/wp-content\/uploads\/2019\/02\/20190112_161050-768x1626.jpg 768w, https:\/\/planet4u.de\/charle\/blog\/wp-content\/uploads\/2019\/02\/20190112_161050.jpg 1582w\" sizes=\"auto, (max-width: 484px) 100vw, 484px\" \/><figcaption>Bezirksb\u00fcrgermeister Oliver Igel (links) &amp; Kurt Damm (Externer Fairtrade-Referent &#8211; rechts im Bild)<\/figcaption><\/figure>\n\n\n\n<figure class=\"wp-block-image\"><img loading=\"lazy\" decoding=\"async\" width=\"1024\" height=\"576\" src=\"https:\/\/planet4u.de\/charle\/blog\/wp-content\/uploads\/2019\/02\/20190112_145947-1024x576.jpg\" alt=\"\" class=\"wp-image-1308\" srcset=\"https:\/\/planet4u.de\/charle\/blog\/wp-content\/uploads\/2019\/02\/20190112_145947-1024x576.jpg 1024w, https:\/\/planet4u.de\/charle\/blog\/wp-content\/uploads\/2019\/02\/20190112_145947-300x169.jpg 300w, https:\/\/planet4u.de\/charle\/blog\/wp-content\/uploads\/2019\/02\/20190112_145947-768x432.jpg 768w\" sizes=\"auto, (max-width: 767px) 89vw, (max-width: 1000px) 54vw, (max-width: 1071px) 543px, 580px\" \/><figcaption>Die Verantwortlichen der Steuerungsgruppe<\/figcaption><\/figure>\n\n\n\n<h4 class=\"wp-block-heading\"><strong>Und nun?<\/strong><\/h4>\n\n\n\n<p>Jeder Akteur, der die o.g. Kriterien erf\u00fcllt, darf sein Gesch\u00e4ft bzw. seine Institution mit dem Aufkleber &#8222;Fairtrade Town&#8220; (siehe erstes Foto) kennzeichnen. In naher Zukunft wird es einen Orientierungsplan geben, in welchem die Mitglieder und ihre Standorte aufgelistet sind. So kann sich jeder dar\u00fcber informieren, wo Faitrade Produkte verwendet und angeboten werden. Nach zwei Jahren muss der Titel verteidigt werden.<\/p>\n\n\n\n<figure class=\"wp-block-image\"><img loading=\"lazy\" decoding=\"async\" width=\"576\" height=\"1024\" src=\"https:\/\/planet4u.de\/charle\/blog\/wp-content\/uploads\/2019\/02\/20190203_145610-576x1024.jpg\" alt=\"\" class=\"wp-image-1314\" srcset=\"https:\/\/planet4u.de\/charle\/blog\/wp-content\/uploads\/2019\/02\/20190203_145610-576x1024.jpg 576w, https:\/\/planet4u.de\/charle\/blog\/wp-content\/uploads\/2019\/02\/20190203_145610-169x300.jpg 169w, https:\/\/planet4u.de\/charle\/blog\/wp-content\/uploads\/2019\/02\/20190203_145610-768x1365.jpg 768w\" sizes=\"auto, (max-width: 576px) 100vw, 576px\" \/><figcaption>Unsere Ladeneingangst\u00fcr<\/figcaption><\/figure>\n\n\n\n<p>Wir bei CHARLE arbeiten fair im Sinne der deutschen Sozial- und Gleichstellungsbestimmungen. Dar\u00fcber hinaus zahlen wir schon immer Geh\u00e4lter, die \u00fcber dem Mindestlohn liegen, besch\u00e4ftigen werdende M\u00fctter, die oft aufgrund dieses Umstands keinen Job bekommen und \u00fcberhaupt Menschen, die schwer vermittelbar sind. Das alles berechtigt uns aber nicht das Siegel <strong>Fairtrade Town<\/strong> zu nutzen.<br>Das Fairtradesiegel d\u00fcrfen nur Produkte tragen, die in Schwellenl\u00e4ndern unter fairen Bedingungen produziert wurden, d.h. ohne Kinderarbeit, mit existenzsichernden L\u00f6hnen und unter Ber\u00fccksichtigung ethischer Grundrechte. Bei uns k\u00f6nnt ihr fairgehandelten Kaffee und Limonade trinken und langlebige faire Einkaufsbeutel erstehen. <i><strong>Beim Kauf eines Beutels f\u00fcr 5 EUR unterst\u00fctzt ihr also nicht nur den fairen Handel, sondern seid zus\u00e4tzlich Helden der lokalen Wirtschaft. <\/strong><\/i><i>Die Beutel sind von mir pers\u00f6nlich mit \u00f6kologischen Farben handbedruckt. <\/i><\/p>\n\n\n\n<p>Wir sehen uns!<br>Eure Mandy<\/p>\n\n\n\n<p><\/p>\n","protected":false},"excerpt":{"rendered":"<p>Wie alles begann Die Bezirksverordnetenversammlung (BVV) beschloss 2015, dass der Bezirk Treptow-K\u00f6penick Fairtrade Town werden m\u00f6chte. 2017 wurde eine Steuerungsgruppe aus zivilen Vertretern und Akteuren aus Wirtschaft, Verwaltung, Politik, Kirchengemeinden sowie Schulen gegr\u00fcndet, die die Kampagnenarbeit organisierte. Und dann?<\/p>\n","protected":false},"author":2,"featured_media":0,"comment_status":"open","ping_status":"open","sticky":false,"template":"","format":"standard","meta":{"footnotes":""},"categories":[85],"tags":[],"class_list":["post-1306","post","type-post","status-publish","format-standard","hentry","category-kiez-geschichten"],"_links":{"self":[{"href":"https:\/\/planet4u.de\/charle\/blog\/wp-json\/wp\/v2\/posts\/1306","targetHints":{"allow":["GET"]}}],"collection":[{"href":"https:\/\/planet4u.de\/charle\/blog\/wp-json\/wp\/v2\/posts"}],"about":[{"href":"https:\/\/planet4u.de\/charle\/blog\/wp-json\/wp\/v2\/types\/post"}],"author":[{"embeddable":true,"href":"https:\/\/planet4u.de\/charle\/blog\/wp-json\/wp\/v2\/users\/2"}],"replies":[{"embeddable":true,"href":"https:\/\/planet4u.de\/charle\/blog\/wp-json\/wp\/v2\/comments?post=1306"}],"version-history":[{"count":9,"href":"https:\/\/planet4u.de\/charle\/blog\/wp-json\/wp\/v2\/posts\/1306\/revisions"}],"predecessor-version":[{"id":1436,"href":"https:\/\/planet4u.de\/charle\/blog\/wp-json\/wp\/v2\/posts\/1306\/revisions\/1436"}],"wp:attachment":[{"href":"https:\/\/planet4u.de\/charle\/blog\/wp-json\/wp\/v2\/media?parent=1306"}],"wp:term":[{"taxonomy":"category","embeddable":true,"href":"https:\/\/planet4u.de\/charle\/blog\/wp-json\/wp\/v2\/categories?post=1306"},{"taxonomy":"post_tag","embeddable":true,"href":"https:\/\/planet4u.de\/charle\/blog\/wp-json\/wp\/v2\/tags?post=1306"}],"curies":[{"name":"wp","href":"https:\/\/api.w.org\/{rel}","templated":true}]}}