{"id":1427,"date":"2019-09-08T11:42:13","date_gmt":"2019-09-08T09:42:13","guid":{"rendered":"http:\/\/planet4u.de\/charle\/blog\/?p=1427"},"modified":"2020-01-18T18:25:21","modified_gmt":"2020-01-18T17:25:21","slug":"der-gruene-knopf","status":"publish","type":"post","link":"https:\/\/planet4u.de\/charle\/blog\/2019\/09\/08\/der-gruene-knopf\/","title":{"rendered":"Der Gr\u00fcne Knopf"},"content":{"rendered":"\n<h4 class=\"wp-block-heading\">Staatliches Metasiegel f\u00fcr nachhaltige Textilien<\/h4>\n\n\n\n<p>Wir haben ihn, den Gr\u00fcnen Knopf!<br><br>12 Produkte aus unserer aktuellen Kollektion d\u00fcrfen das Siegel &#8211; initiiert durch den Bundesminister f\u00fcr wirtschaftliche Zusammenarbeit und Entwicklung, Gerd M\u00fcller &#8211; ab sofort tragen.<br><br>Wof\u00fcr das Textilsiegel gut ist und warum wir uns f\u00fcr eine Zertifizierung entschieden haben, aus der dann eine Doppelzertifizierung wurde, erfahrt ihr demn\u00e4chst ausf\u00fchrlich in diesem Blog.<br><br>Voller Stolz,<br><br>Mandy &amp; Crew <\/p>\n","protected":false},"excerpt":{"rendered":"<p>Staatliches Metasiegel f\u00fcr nachhaltige Textilien Wir haben ihn, den Gr\u00fcnen Knopf! 12 Produkte aus unserer aktuellen Kollektion d\u00fcrfen das Siegel &#8211; initiiert durch den Bundesminister f\u00fcr wirtschaftliche Zusammenarbeit und Entwicklung, Gerd M\u00fcller &#8211; ab sofort tragen. Wof\u00fcr das Textilsiegel gut ist und warum wir uns f\u00fcr eine Zertifizierung entschieden haben, aus der dann eine Doppelzertifizierung &hellip; <\/p>\n<p class=\"link-more\"><a href=\"https:\/\/planet4u.de\/charle\/blog\/2019\/09\/08\/der-gruene-knopf\/\" class=\"more-link\"><span class=\"screen-reader-text\">\u201eDer Gr\u00fcne Knopf\u201c<\/span> weiterlesen<\/a><\/p>\n","protected":false},"author":2,"featured_media":1431,"comment_status":"open","ping_status":"open","sticky":false,"template":"","format":"standard","meta":{"footnotes":""},"categories":[1,4],"tags":[124,123,115,116,16,121,117,118,122],"class_list":["post-1427","post","type-post","status-publish","format-standard","has-post-thumbnail","hentry","category-charle-behind-the-scene","category-charle-specials","tag-bmz","tag-gerd-mueller","tag-gruener-knopf","tag-metasiegel","tag-nachhaltig","tag-oekologisch","tag-staatlich","tag-textilsiegel","tag-tranparent"],"_links":{"self":[{"href":"https:\/\/planet4u.de\/charle\/blog\/wp-json\/wp\/v2\/posts\/1427","targetHints":{"allow":["GET"]}}],"collection":[{"href":"https:\/\/planet4u.de\/charle\/blog\/wp-json\/wp\/v2\/posts"}],"about":[{"href":"https:\/\/planet4u.de\/charle\/blog\/wp-json\/wp\/v2\/types\/post"}],"author":[{"embeddable":true,"href":"https:\/\/planet4u.de\/charle\/blog\/wp-json\/wp\/v2\/users\/2"}],"replies":[{"embeddable":true,"href":"https:\/\/planet4u.de\/charle\/blog\/wp-json\/wp\/v2\/comments?post=1427"}],"version-history":[{"count":3,"href":"https:\/\/planet4u.de\/charle\/blog\/wp-json\/wp\/v2\/posts\/1427\/revisions"}],"predecessor-version":[{"id":1433,"href":"https:\/\/planet4u.de\/charle\/blog\/wp-json\/wp\/v2\/posts\/1427\/revisions\/1433"}],"wp:featuredmedia":[{"embeddable":true,"href":"https:\/\/planet4u.de\/charle\/blog\/wp-json\/wp\/v2\/media\/1431"}],"wp:attachment":[{"href":"https:\/\/planet4u.de\/charle\/blog\/wp-json\/wp\/v2\/media?parent=1427"}],"wp:term":[{"taxonomy":"category","embeddable":true,"href":"https:\/\/planet4u.de\/charle\/blog\/wp-json\/wp\/v2\/categories?post=1427"},{"taxonomy":"post_tag","embeddable":true,"href":"https:\/\/planet4u.de\/charle\/blog\/wp-json\/wp\/v2\/tags?post=1427"}],"curies":[{"name":"wp","href":"https:\/\/api.w.org\/{rel}","templated":true}]}}