{"id":194,"date":"2017-08-31T22:58:59","date_gmt":"2017-08-31T20:58:59","guid":{"rendered":"https:\/\/planet4u.de\/charle\/blog\/?p=194"},"modified":"2017-08-31T23:09:08","modified_gmt":"2017-08-31T21:09:08","slug":"ein-nickerchen-vom-feinsten","status":"publish","type":"post","link":"https:\/\/planet4u.de\/charle\/blog\/2017\/08\/31\/ein-nickerchen-vom-feinsten\/","title":{"rendered":"Ein Nickerchen vom Feinsten!"},"content":{"rendered":"<p>Die Tage werden k\u00fcrzer, die Luft riecht bereits fr\u00fchherbstlich und in vielen Bundesl\u00e4ndern sind die Ferien vorbei. So schnell kann es gehen. Hmpf.<\/p>\n<p>Aber HEY! die Schulzeit hat auch ihre sch\u00f6nen Seiten. Endlich wird wieder geregelt gelernt und gefaulenzt. Und genau daf\u00fcr haben wir etwas.<\/p>\n<p>F\u00fcr das Nickerchen am Nachmittag. Das Lesen und Lernen davor oder danach. Oder einfach nur zum Abh\u00e4ngen jederzeit. <strong>Die Nackenrolle in Stiftform ist da. <\/strong><br \/>\n<img loading=\"lazy\" decoding=\"async\" class=\"alignleft size-full wp-image-195\" src=\"https:\/\/planet4u.de\/charle\/blog\/wp-content\/uploads\/2017\/08\/Stift.jpg\" alt=\"\" width=\"1377\" height=\"1736\" srcset=\"https:\/\/planet4u.de\/charle\/blog\/wp-content\/uploads\/2017\/08\/Stift.jpg 1377w, https:\/\/planet4u.de\/charle\/blog\/wp-content\/uploads\/2017\/08\/Stift-238x300.jpg 238w, https:\/\/planet4u.de\/charle\/blog\/wp-content\/uploads\/2017\/08\/Stift-768x968.jpg 768w, https:\/\/planet4u.de\/charle\/blog\/wp-content\/uploads\/2017\/08\/Stift-812x1024.jpg 812w\" sizes=\"auto, (max-width: 767px) 89vw, (max-width: 1000px) 54vw, (max-width: 1071px) 543px, 580px\" \/><\/p>\n<p>Darauf habt ihr sehns\u00fcchtig gewartet, stimmt&#8217;s?<br \/>\nZum Malen und Zeichnen ist der ca. 70cm lange Buntstift leider ungeeignet. Das ist aber schon der einzige Wermutstropfen.<\/p>\n<p>Die Selbstn\u00e4her unter euch finden die Anleitung f\u00fcr den genialen Powernapper und dekoratives Utensil <a href=\"http:\/\/blog.bernina.com\/de\/2016\/08\/bleistiftkissen-zum-kuscheln-fuer-den-schulstart\/\">hier<\/a>.<\/p>\n<p>Wer sich selbst nicht abm\u00fchen m\u00f6chte, hat nun die Chance einen Kuschelbuntstift in den Farben blau, pink\/rot oder gr\u00fcn bei uns zu gewinnen.<br \/>\nDazu hinterlasst ihr entweder einen Kommentar mit Namen unter diesem Blogeintrag. Oder ihr teilt\/verlinkt unseren Blogartikel in den sozialen Medien und erw\u00e4hnt uns dort kurz <strong>@charle-sustainable kids fashion<\/strong> oder <strong>#charle.berlin<\/strong> damit wir eure Namen f\u00fcr die Gewinnertrommel identifizieren k\u00f6nnen.<\/p>\n<p><strong>Einsendeschluss ist Samstag, der 09.09.17 um 23:59 Uhr.<\/strong> Der\/die GewinnerIn wird am Sonntag, den 10.09.17 unter Trommelwirbel gezogen.<\/p>\n<p>Good luck!<\/p>\n<p>Eure Mandy &amp; die Hasenh\u00f6hlen-Crew<\/p>\n<p><img loading=\"lazy\" decoding=\"async\" class=\"alignleft wp-image-196 size-full\" src=\"https:\/\/planet4u.de\/charle\/blog\/wp-content\/uploads\/2017\/08\/Stift-im-Schaufenster-e1504211653223.jpg\" alt=\"\" width=\"2988\" height=\"5312\" srcset=\"https:\/\/planet4u.de\/charle\/blog\/wp-content\/uploads\/2017\/08\/Stift-im-Schaufenster-e1504211653223.jpg 2988w, https:\/\/planet4u.de\/charle\/blog\/wp-content\/uploads\/2017\/08\/Stift-im-Schaufenster-e1504211653223-169x300.jpg 169w, https:\/\/planet4u.de\/charle\/blog\/wp-content\/uploads\/2017\/08\/Stift-im-Schaufenster-e1504211653223-768x1365.jpg 768w, https:\/\/planet4u.de\/charle\/blog\/wp-content\/uploads\/2017\/08\/Stift-im-Schaufenster-e1504211653223-576x1024.jpg 576w\" sizes=\"auto, (max-width: 767px) 89vw, (max-width: 1000px) 54vw, (max-width: 1071px) 543px, 580px\" \/><\/p>\n<p>&nbsp;<\/p>\n","protected":false},"excerpt":{"rendered":"<p>Die Tage werden k\u00fcrzer, die Luft riecht bereits fr\u00fchherbstlich und in vielen Bundesl\u00e4ndern sind die Ferien vorbei. So schnell kann es gehen. Hmpf. Aber HEY! die Schulzeit hat auch ihre sch\u00f6nen Seiten. Endlich wird wieder geregelt gelernt und gefaulenzt. Und genau daf\u00fcr haben wir etwas. F\u00fcr das Nickerchen am Nachmittag. Das Lesen und Lernen davor &hellip; <\/p>\n<p class=\"link-more\"><a href=\"https:\/\/planet4u.de\/charle\/blog\/2017\/08\/31\/ein-nickerchen-vom-feinsten\/\" class=\"more-link\"><span class=\"screen-reader-text\">\u201eEin Nickerchen vom Feinsten!\u201c<\/span> weiterlesen<\/a><\/p>\n","protected":false},"author":2,"featured_media":0,"comment_status":"open","ping_status":"open","sticky":false,"template":"","format":"standard","meta":{"footnotes":""},"categories":[4],"tags":[],"class_list":["post-194","post","type-post","status-publish","format-standard","hentry","category-charle-specials"],"_links":{"self":[{"href":"https:\/\/planet4u.de\/charle\/blog\/wp-json\/wp\/v2\/posts\/194","targetHints":{"allow":["GET"]}}],"collection":[{"href":"https:\/\/planet4u.de\/charle\/blog\/wp-json\/wp\/v2\/posts"}],"about":[{"href":"https:\/\/planet4u.de\/charle\/blog\/wp-json\/wp\/v2\/types\/post"}],"author":[{"embeddable":true,"href":"https:\/\/planet4u.de\/charle\/blog\/wp-json\/wp\/v2\/users\/2"}],"replies":[{"embeddable":true,"href":"https:\/\/planet4u.de\/charle\/blog\/wp-json\/wp\/v2\/comments?post=194"}],"version-history":[{"count":17,"href":"https:\/\/planet4u.de\/charle\/blog\/wp-json\/wp\/v2\/posts\/194\/revisions"}],"predecessor-version":[{"id":213,"href":"https:\/\/planet4u.de\/charle\/blog\/wp-json\/wp\/v2\/posts\/194\/revisions\/213"}],"wp:attachment":[{"href":"https:\/\/planet4u.de\/charle\/blog\/wp-json\/wp\/v2\/media?parent=194"}],"wp:term":[{"taxonomy":"category","embeddable":true,"href":"https:\/\/planet4u.de\/charle\/blog\/wp-json\/wp\/v2\/categories?post=194"},{"taxonomy":"post_tag","embeddable":true,"href":"https:\/\/planet4u.de\/charle\/blog\/wp-json\/wp\/v2\/tags?post=194"}],"curies":[{"name":"wp","href":"https:\/\/api.w.org\/{rel}","templated":true}]}}