{"id":325,"date":"2017-12-03T00:01:07","date_gmt":"2017-12-02T23:01:07","guid":{"rendered":"https:\/\/planet4u.de\/charle\/blog\/?p=325"},"modified":"2018-02-24T09:29:03","modified_gmt":"2018-02-24T08:29:03","slug":"03-dezember-2017","status":"publish","type":"post","link":"https:\/\/planet4u.de\/charle\/blog\/2017\/12\/03\/03-dezember-2017\/","title":{"rendered":"03. Dezember 2017"},"content":{"rendered":"<p>Das dritte T\u00fcrchen \u00f6ffnet sich&#8230;<br \/>\n<!--more--><br \/>\nNa was haben wir denn da? Fl\u00fcstergeschwister? \ud83d\ude09<\/p>\n<p><img loading=\"lazy\" decoding=\"async\" class=\"alignleft size-full wp-image-380\" src=\"https:\/\/planet4u.de\/charle\/blog\/wp-content\/uploads\/2017\/12\/HaaBan_Loop_BuenJac_KleJun.jpg\" alt=\"\" width=\"2000\" height=\"3000\" srcset=\"https:\/\/planet4u.de\/charle\/blog\/wp-content\/uploads\/2017\/12\/HaaBan_Loop_BuenJac_KleJun.jpg 2000w, https:\/\/planet4u.de\/charle\/blog\/wp-content\/uploads\/2017\/12\/HaaBan_Loop_BuenJac_KleJun-200x300.jpg 200w, https:\/\/planet4u.de\/charle\/blog\/wp-content\/uploads\/2017\/12\/HaaBan_Loop_BuenJac_KleJun-768x1152.jpg 768w, https:\/\/planet4u.de\/charle\/blog\/wp-content\/uploads\/2017\/12\/HaaBan_Loop_BuenJac_KleJun-683x1024.jpg 683w\" sizes=\"auto, (max-width: 767px) 89vw, (max-width: 1000px) 54vw, (max-width: 1071px) 543px, 580px\" \/><\/p>\n<!-- MetaSlider 488 not found -->\n<p>Das Kleid &#8222;Juna&#8220;, aus unserer aktuellen Kollektion, ist ein schlichtes A-f\u00f6rmiges Kleid f\u00fcr jeden Tag und jeden Anlass. Je nachdem welches Accessoire, welchen Schuh oder Jacke du dazu w\u00e4hlst, kann es sportlich, festlich, l\u00e4ssig, verspielt oder verr\u00fcckt aussehen. Somit ist es f\u00fcr viele unterschiedliche Styles und verschiedene Typen geeignet, vorausgesetzt diese m\u00f6gen Kleider.<\/p>\n<p>Das Material besteht aus 90% Biobaumwolle und 10% Elasthan. Elasthan setzen wir f\u00fcr Funktionalit\u00e4t und Formbest\u00e4ndigkeit ein. Wir haben in der Vergangenheit viel experimentiert, um auf Elasthan verzichten zu k\u00f6nnen und sind doch immer wieder darauf zur\u00fcckgekommen. Diese Materialkombination ist einfach optimal f\u00fcr unser Konzept &#8222;mitwachsende Kleidung&#8220; geeignet. Es verzieht sich nicht, ist robust und l\u00e4nger haltbar als andere Materialien. Unsere Idee ist, dass die Kleidung von einem Kind sehr lange (bis zu 2,5 Jahre und l\u00e4nger) getragen werden und danach mit minimalstem Qualit\u00e4tsverlust weitervererbt werden kann. Dieses Prinzip wird nat\u00fcrlich auch in der Schnittkonstruktion ber\u00fccksichtigt. Das verwendete Material ist aber mindestens genauso entscheidend daf\u00fcr, dass es funktioniert.<\/p>\n<p>Die S\u00e4ume und der Halsabschluss sind jeweils in einer anderen Farbe abgesetzt. Das Kleid ist kniebedeckt bis wadenlang.<\/p>\n<p>Kleid &#8222;Juna&#8220; ist ein langlebiges und angenehm zu tragendes Produkt, sehr gut verarbeitet und von zeitlosem Design. Gen\u00e4ht wird es von unseren Superm\u00e4dels, Rosita und Rebekka, in unserem Berliner Atelier.<\/p>\n<p>Gewinnen kannst du eine von sechs Farbkombinationen. Schreib in deinem Kommentar die gew\u00fcnschte Farbkombi und Gr\u00f6\u00dfe und du nimmst automatisch an der Verlosung teil.<\/p>\n<p>Have fun!<\/p>\n<p>P.S. Wusstest du eigentlich, dass unsere Models keine Profis sind? Es sind Kinder aus der Nachbarschaft, vom Sp\u00e4tkauf an der Ecke, Kinder eines indischen Restaurantbesitzers, Kinder von Freunden, Kinder eines vietnamesischen Blumenh\u00e4ndlers oder oder. Kinder die Spa\u00df an unserer Kleidung haben und einfach gut drauf sind. Wir w\u00fcrden uns nie mehr anders entscheiden, weil wir finden, dass man den Unterschied sehr deutlich an den ehrlichen Emotionen in deren Gesichtern sieht.<\/p>\n","protected":false},"excerpt":{"rendered":"<p>Das dritte T\u00fcrchen \u00f6ffnet sich&#8230;<\/p>\n","protected":false},"author":2,"featured_media":353,"comment_status":"closed","ping_status":"open","sticky":false,"template":"","format":"standard","meta":{"footnotes":""},"categories":[9],"tags":[],"class_list":["post-325","post","type-post","status-publish","format-standard","has-post-thumbnail","hentry","category-charle-friends-adventskalender-2017"],"_links":{"self":[{"href":"https:\/\/planet4u.de\/charle\/blog\/wp-json\/wp\/v2\/posts\/325","targetHints":{"allow":["GET"]}}],"collection":[{"href":"https:\/\/planet4u.de\/charle\/blog\/wp-json\/wp\/v2\/posts"}],"about":[{"href":"https:\/\/planet4u.de\/charle\/blog\/wp-json\/wp\/v2\/types\/post"}],"author":[{"embeddable":true,"href":"https:\/\/planet4u.de\/charle\/blog\/wp-json\/wp\/v2\/users\/2"}],"replies":[{"embeddable":true,"href":"https:\/\/planet4u.de\/charle\/blog\/wp-json\/wp\/v2\/comments?post=325"}],"version-history":[{"count":22,"href":"https:\/\/planet4u.de\/charle\/blog\/wp-json\/wp\/v2\/posts\/325\/revisions"}],"predecessor-version":[{"id":504,"href":"https:\/\/planet4u.de\/charle\/blog\/wp-json\/wp\/v2\/posts\/325\/revisions\/504"}],"wp:featuredmedia":[{"embeddable":true,"href":"https:\/\/planet4u.de\/charle\/blog\/wp-json\/wp\/v2\/media\/353"}],"wp:attachment":[{"href":"https:\/\/planet4u.de\/charle\/blog\/wp-json\/wp\/v2\/media?parent=325"}],"wp:term":[{"taxonomy":"category","embeddable":true,"href":"https:\/\/planet4u.de\/charle\/blog\/wp-json\/wp\/v2\/categories?post=325"},{"taxonomy":"post_tag","embeddable":true,"href":"https:\/\/planet4u.de\/charle\/blog\/wp-json\/wp\/v2\/tags?post=325"}],"curies":[{"name":"wp","href":"https:\/\/api.w.org\/{rel}","templated":true}]}}