{"id":329,"date":"2017-12-05T00:01:42","date_gmt":"2017-12-04T23:01:42","guid":{"rendered":"https:\/\/planet4u.de\/charle\/blog\/?p=329"},"modified":"2018-02-24T09:28:43","modified_gmt":"2018-02-24T08:28:43","slug":"05-dezember-2017","status":"publish","type":"post","link":"https:\/\/planet4u.de\/charle\/blog\/2017\/12\/05\/05-dezember-2017\/","title":{"rendered":"05. Dezember 2017"},"content":{"rendered":"<p>Das f\u00fcnfte T\u00fcrchen \u00f6ffnet sich&#8230;<br \/>\n<!--more--><br \/>\n&#8230;und HURRA! enth\u00e4lt ein wunderbar interaktives Kinderbuch aus unserem Kiez.<\/p>\n<p><img loading=\"lazy\" decoding=\"async\" class=\"alignleft size-full wp-image-413\" src=\"https:\/\/planet4u.de\/charle\/blog\/wp-content\/uploads\/2017\/12\/14_IMG-20171130-WA0002.jpg\" alt=\"\" width=\"1280\" height=\"849\" srcset=\"https:\/\/planet4u.de\/charle\/blog\/wp-content\/uploads\/2017\/12\/14_IMG-20171130-WA0002.jpg 1280w, https:\/\/planet4u.de\/charle\/blog\/wp-content\/uploads\/2017\/12\/14_IMG-20171130-WA0002-300x199.jpg 300w, https:\/\/planet4u.de\/charle\/blog\/wp-content\/uploads\/2017\/12\/14_IMG-20171130-WA0002-768x509.jpg 768w, https:\/\/planet4u.de\/charle\/blog\/wp-content\/uploads\/2017\/12\/14_IMG-20171130-WA0002-1024x679.jpg 1024w\" sizes=\"auto, (max-width: 767px) 89vw, (max-width: 1000px) 54vw, (max-width: 1071px) 543px, 580px\" \/><\/p>\n<p>Paja Reisch hei\u00dft die junge Autorin, die sich die Gutenachtgeschichte urspr\u00fcnglich f\u00fcr ihre Gro\u00dfcousine Johanna ausgedacht hatte. Bei ihr und anderen Kindern kam sie so gut an, dass sie kurzerhand einen Verlag suchte, um noch viele andere Kinder auf eine abenteuerliche Traumreise entf\u00fchren zu k\u00f6nnen. Und weil es nicht reicht nur eine sch\u00f6ne Geschichte zu schreiben, hat sie auch gleich noch die passenden Bilder dazu geliefert. Nat\u00fcrlich auch selbst gezeichnet.<\/p>\n<p><img loading=\"lazy\" decoding=\"async\" class=\"alignleft size-full wp-image-414\" src=\"https:\/\/planet4u.de\/charle\/blog\/wp-content\/uploads\/2017\/12\/IMG-20171130-WA0003.jpg\" alt=\"\" width=\"1280\" height=\"849\" srcset=\"https:\/\/planet4u.de\/charle\/blog\/wp-content\/uploads\/2017\/12\/IMG-20171130-WA0003.jpg 1280w, https:\/\/planet4u.de\/charle\/blog\/wp-content\/uploads\/2017\/12\/IMG-20171130-WA0003-300x199.jpg 300w, https:\/\/planet4u.de\/charle\/blog\/wp-content\/uploads\/2017\/12\/IMG-20171130-WA0003-768x509.jpg 768w, https:\/\/planet4u.de\/charle\/blog\/wp-content\/uploads\/2017\/12\/IMG-20171130-WA0003-1024x679.jpg 1024w\" sizes=\"auto, (max-width: 767px) 89vw, (max-width: 1000px) 54vw, (max-width: 1071px) 543px, 580px\" \/><\/p>\n<p>Das sagt Paja \u00fcber ihr Buch &#8222;Tr\u00e4um mit mir &#8211; Eine Gutenachtgeschichte in Reimen&#8220;:<\/p>\n<p>&#8222;Viele Tiere aus der Welt werden hier kurz vorgestellt. Sie m\u00f6chten deine Freunde sein und laden dich zum Tr\u00e4umen ein.<br \/>\nEine Gutenachtgeschichte in Reimen mit bunten Tierzeichnungen, die das Vorlesen in eine kleine Abenteuerreise verwandeln.&#8220;<\/p>\n<p>Und was bedeutet nun interaktives Lesen?<\/p>\n<p>&#8222;Kleine R\u00e4tsel in den Reimen erm\u00f6glichen ein interaktives (Vor)lesen, bei dem die Kinder die jeweiligen Tiere mit Hilfe bunter Tierzeichnungen erraten k\u00f6nnen.&#8220;<\/p>\n<p><img loading=\"lazy\" decoding=\"async\" class=\"alignleft size-full wp-image-415\" src=\"https:\/\/planet4u.de\/charle\/blog\/wp-content\/uploads\/2017\/12\/IMG-20171130-WA0004.jpg\" alt=\"\" width=\"1280\" height=\"849\" srcset=\"https:\/\/planet4u.de\/charle\/blog\/wp-content\/uploads\/2017\/12\/IMG-20171130-WA0004.jpg 1280w, https:\/\/planet4u.de\/charle\/blog\/wp-content\/uploads\/2017\/12\/IMG-20171130-WA0004-300x199.jpg 300w, https:\/\/planet4u.de\/charle\/blog\/wp-content\/uploads\/2017\/12\/IMG-20171130-WA0004-768x509.jpg 768w, https:\/\/planet4u.de\/charle\/blog\/wp-content\/uploads\/2017\/12\/IMG-20171130-WA0004-1024x679.jpg 1024w\" sizes=\"auto, (max-width: 767px) 89vw, (max-width: 1000px) 54vw, (max-width: 1071px) 543px, 580px\" \/><\/p>\n<p>&#8222;Erz\u00e4hl uns was du getr\u00e4umt hast&#8220;: Auf den letzten Seiten ist Platz, um die sch\u00f6nsten Tr\u00e4ume festzuhalten.<\/p>\n<p><img loading=\"lazy\" decoding=\"async\" class=\"alignleft size-full wp-image-416\" src=\"https:\/\/planet4u.de\/charle\/blog\/wp-content\/uploads\/2017\/12\/IMG-20171130-WA0005.jpg\" alt=\"\" width=\"1280\" height=\"849\" srcset=\"https:\/\/planet4u.de\/charle\/blog\/wp-content\/uploads\/2017\/12\/IMG-20171130-WA0005.jpg 1280w, https:\/\/planet4u.de\/charle\/blog\/wp-content\/uploads\/2017\/12\/IMG-20171130-WA0005-300x199.jpg 300w, https:\/\/planet4u.de\/charle\/blog\/wp-content\/uploads\/2017\/12\/IMG-20171130-WA0005-768x509.jpg 768w, https:\/\/planet4u.de\/charle\/blog\/wp-content\/uploads\/2017\/12\/IMG-20171130-WA0005-1024x679.jpg 1024w\" sizes=\"auto, (max-width: 767px) 89vw, (max-width: 1000px) 54vw, (max-width: 1071px) 543px, 580px\" \/><\/p>\n<p>Dieses traumhafte Buch ist sowohl zum Vorlesen, als auch f\u00fcr Leseanf\u00e4nger geeignet.<\/p>\n<p>Paja Reich wohnt und arbeitet in Obersch\u00f6neweide.<\/p>\n<p>Ihr habt heute die einmalige Chance ein personalisiertes und handsigniertes Exemplar der Autorin zu gewinnen.<br \/>\nWie \u00fcblich hinterlasst ihr einen Kommentar in unserem Blog, auf Facebook oder Instagram und nehmt so an der Verlosung teil.<\/p>\n<p>Haut in die Tasten! \ud83d\ude09<\/p>\n<p>Viel Gl\u00fcck und einen wunderbaren f\u00fcnften Tag im Monat Dezember.<\/p>\n<p>P.S. Ich bin ein bisschen verliebt in Alexander. Wer das ist? Wenn ihr das wissen wollt, macht mit beim \u00d6ffnen des 5. T\u00fcrchens oder kommt zu uns ins Gesch\u00e4ft und nehmt euch ein Exemplar f\u00fcr nachhaltige 16,95 EUR mit nach Hause.  <\/p>\n","protected":false},"excerpt":{"rendered":"<p>Das f\u00fcnfte T\u00fcrchen \u00f6ffnet sich&#8230;<\/p>\n","protected":false},"author":2,"featured_media":353,"comment_status":"closed","ping_status":"open","sticky":false,"template":"","format":"standard","meta":{"footnotes":""},"categories":[9],"tags":[],"class_list":["post-329","post","type-post","status-publish","format-standard","has-post-thumbnail","hentry","category-charle-friends-adventskalender-2017"],"_links":{"self":[{"href":"https:\/\/planet4u.de\/charle\/blog\/wp-json\/wp\/v2\/posts\/329","targetHints":{"allow":["GET"]}}],"collection":[{"href":"https:\/\/planet4u.de\/charle\/blog\/wp-json\/wp\/v2\/posts"}],"about":[{"href":"https:\/\/planet4u.de\/charle\/blog\/wp-json\/wp\/v2\/types\/post"}],"author":[{"embeddable":true,"href":"https:\/\/planet4u.de\/charle\/blog\/wp-json\/wp\/v2\/users\/2"}],"replies":[{"embeddable":true,"href":"https:\/\/planet4u.de\/charle\/blog\/wp-json\/wp\/v2\/comments?post=329"}],"version-history":[{"count":13,"href":"https:\/\/planet4u.de\/charle\/blog\/wp-json\/wp\/v2\/posts\/329\/revisions"}],"predecessor-version":[{"id":412,"href":"https:\/\/planet4u.de\/charle\/blog\/wp-json\/wp\/v2\/posts\/329\/revisions\/412"}],"wp:featuredmedia":[{"embeddable":true,"href":"https:\/\/planet4u.de\/charle\/blog\/wp-json\/wp\/v2\/media\/353"}],"wp:attachment":[{"href":"https:\/\/planet4u.de\/charle\/blog\/wp-json\/wp\/v2\/media?parent=329"}],"wp:term":[{"taxonomy":"category","embeddable":true,"href":"https:\/\/planet4u.de\/charle\/blog\/wp-json\/wp\/v2\/categories?post=329"},{"taxonomy":"post_tag","embeddable":true,"href":"https:\/\/planet4u.de\/charle\/blog\/wp-json\/wp\/v2\/tags?post=329"}],"curies":[{"name":"wp","href":"https:\/\/api.w.org\/{rel}","templated":true}]}}