{"id":358,"date":"2017-12-11T00:01:43","date_gmt":"2017-12-10T23:01:43","guid":{"rendered":"https:\/\/planet4u.de\/charle\/blog\/?p=358"},"modified":"2018-02-24T09:27:24","modified_gmt":"2018-02-24T08:27:24","slug":"11-dezember-2017","status":"publish","type":"post","link":"https:\/\/planet4u.de\/charle\/blog\/2017\/12\/11\/11-dezember-2017\/","title":{"rendered":"11. Dezember 2017"},"content":{"rendered":"<p>Das elfte T\u00fcrchen \u00f6ffnet sich&#8230;<br \/>\n<!--more--> taadaaaaaaaaaaaaaaaaaaaaaa &#8211; und enth\u00e4lt unseren legend\u00e4ren Dufflecoat.<\/p>\n<p><img loading=\"lazy\" decoding=\"async\" class=\"alignleft size-full wp-image-526\" src=\"https:\/\/planet4u.de\/charle\/blog\/wp-content\/uploads\/2017\/12\/Dufflecoat01_Image_CharLe.jpg\" alt=\"\" width=\"2832\" height=\"4256\" srcset=\"https:\/\/planet4u.de\/charle\/blog\/wp-content\/uploads\/2017\/12\/Dufflecoat01_Image_CharLe.jpg 2832w, https:\/\/planet4u.de\/charle\/blog\/wp-content\/uploads\/2017\/12\/Dufflecoat01_Image_CharLe-200x300.jpg 200w, https:\/\/planet4u.de\/charle\/blog\/wp-content\/uploads\/2017\/12\/Dufflecoat01_Image_CharLe-768x1154.jpg 768w, https:\/\/planet4u.de\/charle\/blog\/wp-content\/uploads\/2017\/12\/Dufflecoat01_Image_CharLe-681x1024.jpg 681w\" sizes=\"auto, (max-width: 767px) 89vw, (max-width: 1000px) 54vw, (max-width: 1071px) 543px, 580px\" \/><\/p>\n<p>Die Idee zu diesen klassischen Mantel entstand als ich zum ersten Mal den gro\u00dfartigen Wollstoff in \u00d6sterreich bei einem Tweedh\u00e4ndler sah. Ich war sofort verliebt in diese sch\u00f6nen Muster. Als ich erfuhr, dass die Wolle f\u00fcr die Stoffe von \u00f6sterreichischen Wanderschafen stammt, ungef\u00e4rbt und nahezu unbehandelt ist, war es um mich geschehen. Der H\u00e4ndler und ich vereinbarten einen Besuchstermin in seiner Manufaktur. Dort zeigte er mir die einzelnen Verarbeitungsschritte von den unbehandelten Haaren verschiedener Schafrassen bis zum fertigen Tweedstoff. Die Wolle der Schafe wird sortenrein bis zur Verarbeitung gelagert. Die Tweedstoffe, die wir f\u00fcr den Dufflecoat verwenden stammen zum einen von einer sehr alten Schafrasse, dem braunen und schwarzen Juraschaf, und zum anderen vom Merinoschaf. Das Juraschaf ist eine sehr robuste Rasse, die auch hoch oben in den Bergen zu finden ist und mit unterschiedlichen klimatischen Bedingungen spielend zurecht kommt. Das Merinoschaf kennt ihr sicher alle.<br \/>\nBei der Behandlung der Wolle wird streng darauf geachtet, dass das nat\u00fcrliche Lanolin, das die Wolle zum Schutz der Schafhaut enth\u00e4lt, weitestgehend enthalten bleibt. Das Lanolin sorgt daf\u00fcr, das leichter Regen und Schnee vom Stoff einfach abperlt. Zum Teil findet man im Stoff sogar noch winzige Stroheinschl\u00fcsse, die Aufschluss auf die geringf\u00fcgige Vorbehandlung der Wolle gibt. Das gef\u00e4llt mir. \ud83d\ude42<\/p>\n<!-- MetaSlider 567 not found -->\n<p>Den ersten Dufflecoat, den wir n\u00e4hten, durfte mein Sohn vor ungef\u00e4hr 6 Jahren Probe tragen. Auf seinem Wunsch hin nahmen wir noch ein paar \u00c4nderungen vor, wie zum Beispiel den Rei\u00dfverschluss zus\u00e4tzlich zu den Knebelkn\u00f6pfen.<\/p>\n<p><img loading=\"lazy\" decoding=\"async\" class=\"alignleft wp-image-531\" src=\"https:\/\/planet4u.de\/charle\/blog\/wp-content\/uploads\/2017\/12\/dufflecoat_lifestyle2_.jpg\" alt=\"\" width=\"530\" height=\"800\" \/><\/p>\n<p>Der Dufflecoat ist leicht ausgestellt, hat eine Kapuze, Seitennahttaschen, einen Rei\u00dfverschluss, Knebelkn\u00f6pfe und ist komplett gef\u00fcttert. Er h\u00e4lt in der \u00dcbergangzeit sch\u00f6n warm. Im Winter tr\u00e4gt man nach dem Zwiebelprinzip am besten eine Fleece- oder Wollstrickjacke darunter.<br \/>\nEr ist in Doppelgr\u00f6\u00dfen von 86 bis 152 erh\u00e4ltlich.<\/p>\n<!-- MetaSlider 571 not found -->\n<p>Wenn du dieses sch\u00f6ne St\u00fcck an deinem Kind sehen m\u00f6chtest, dann hast du jetzt die M\u00f6glichkeit in den Lostopf zu wandern. Bitte gib die gew\u00fcnschte Gr\u00f6\u00dfe und Farbkombi an und sag uns, ob der Dufflecoat f\u00fcr ein M\u00e4dchen oder einen Jungen sein soll. Bitte teile auch diesen Beitrag in deinem Profil.<\/p>\n<p>Einen wunderbaren Wochenstart f\u00fcr euch und viel Gl\u00fcck! \ud83d\ude42<\/p>\n","protected":false},"excerpt":{"rendered":"<p>Das elfte T\u00fcrchen \u00f6ffnet sich&#8230;<\/p>\n","protected":false},"author":2,"featured_media":353,"comment_status":"closed","ping_status":"open","sticky":false,"template":"","format":"standard","meta":{"footnotes":""},"categories":[9],"tags":[],"class_list":["post-358","post","type-post","status-publish","format-standard","has-post-thumbnail","hentry","category-charle-friends-adventskalender-2017"],"_links":{"self":[{"href":"https:\/\/planet4u.de\/charle\/blog\/wp-json\/wp\/v2\/posts\/358","targetHints":{"allow":["GET"]}}],"collection":[{"href":"https:\/\/planet4u.de\/charle\/blog\/wp-json\/wp\/v2\/posts"}],"about":[{"href":"https:\/\/planet4u.de\/charle\/blog\/wp-json\/wp\/v2\/types\/post"}],"author":[{"embeddable":true,"href":"https:\/\/planet4u.de\/charle\/blog\/wp-json\/wp\/v2\/users\/2"}],"replies":[{"embeddable":true,"href":"https:\/\/planet4u.de\/charle\/blog\/wp-json\/wp\/v2\/comments?post=358"}],"version-history":[{"count":14,"href":"https:\/\/planet4u.de\/charle\/blog\/wp-json\/wp\/v2\/posts\/358\/revisions"}],"predecessor-version":[{"id":576,"href":"https:\/\/planet4u.de\/charle\/blog\/wp-json\/wp\/v2\/posts\/358\/revisions\/576"}],"wp:featuredmedia":[{"embeddable":true,"href":"https:\/\/planet4u.de\/charle\/blog\/wp-json\/wp\/v2\/media\/353"}],"wp:attachment":[{"href":"https:\/\/planet4u.de\/charle\/blog\/wp-json\/wp\/v2\/media?parent=358"}],"wp:term":[{"taxonomy":"category","embeddable":true,"href":"https:\/\/planet4u.de\/charle\/blog\/wp-json\/wp\/v2\/categories?post=358"},{"taxonomy":"post_tag","embeddable":true,"href":"https:\/\/planet4u.de\/charle\/blog\/wp-json\/wp\/v2\/tags?post=358"}],"curies":[{"name":"wp","href":"https:\/\/api.w.org\/{rel}","templated":true}]}}