{"id":544,"date":"2017-12-14T00:01:25","date_gmt":"2017-12-13T23:01:25","guid":{"rendered":"https:\/\/planet4u.de\/charle\/blog\/?p=544"},"modified":"2018-02-24T09:26:52","modified_gmt":"2018-02-24T08:26:52","slug":"14-dezember-2017","status":"publish","type":"post","link":"https:\/\/planet4u.de\/charle\/blog\/2017\/12\/14\/14-dezember-2017\/","title":{"rendered":"14. Dezember 2017"},"content":{"rendered":"<p>Das vierzehnte T\u00fcrchen \u00f6ffnet sich&#8230;<\/p>\n<p><!--more--><\/p>\n<p>&#8230;und es treten eine fabul\u00f6se K\u00f6rperpflegeserie mit Hauptstadt-Flair f\u00fcr alle Hauttypen und ein b\u00e4renstarker juter Beutel zutage.<\/p>\n<p><strong>Sch\u00f6nigkeiten f\u00fcr Mutti &amp; Vati!<\/strong> Fair. Organic. Vegan.<\/p>\n<p><img loading=\"lazy\" decoding=\"async\" class=\"alignleft size-full wp-image-605\" src=\"https:\/\/planet4u.de\/charle\/blog\/wp-content\/uploads\/2017\/12\/iplusm_Berlin_JuteBeutel.jpg\" alt=\"\" width=\"764\" height=\"764\" srcset=\"https:\/\/planet4u.de\/charle\/blog\/wp-content\/uploads\/2017\/12\/iplusm_Berlin_JuteBeutel.jpg 764w, https:\/\/planet4u.de\/charle\/blog\/wp-content\/uploads\/2017\/12\/iplusm_Berlin_JuteBeutel-150x150.jpg 150w, https:\/\/planet4u.de\/charle\/blog\/wp-content\/uploads\/2017\/12\/iplusm_Berlin_JuteBeutel-300x300.jpg 300w, https:\/\/planet4u.de\/charle\/blog\/wp-content\/uploads\/2017\/12\/iplusm_Berlin_JuteBeutel-100x100.jpg 100w\" sizes=\"auto, (max-width: 706px) 89vw, (max-width: 767px) 82vw, 740px\" \/><\/p>\n<p>Ich freue mich riesig euch heute diese grandiose und feinste Berliner Kosmetikbude, die ich kenne vorzustellen. <strong>i+m<\/strong><\/p>\n<p>Ich sag nur: Endlich mit Freude und gutem Gewissen einkaufen! Auf den Punkt bringt es Sylke Rademacher, Senior Brand &amp; Communication Manager bei i+m, wie folgt:<\/p>\n<p><strong>Der Jute Beutel \u2013 Berliner B\u00e4r<\/strong><\/p>\n<p>\u2026ist ein echtes Prachtst\u00fcck von Einkaufstasche \u2013 nie war political correctness so sch\u00f6n. Und er geh\u00f6rt tats\u00e4chlich zu den janz Juten:<br \/>\nEr ist fair produziert und mit dem Fairtrade Siegel zertifiziert. Und er ist aus bester Bio-Baumwolle nach dem anerkanntesten Biostandard Global Organic Textile Standard (GOTS) zertifiziert. Und in Berlin siebbedruckt mit GOTS zertifizierten Farben ist er auch noch. Die langen Henkel machen ihn schlie\u00dflich zum \u00e4u\u00dferst praktischen Begleiter in allen Lebenslagen \u2013 ob beim Einkauf, in der Uni oder beim Sport. Da bleiben keine W\u00fcnsche offen.<\/p>\n<p>\u00dcber das Duschgel und die K\u00f6rperlotion der Berlin Serie sagt sie das:<\/p>\n<p><strong>Berlin \u2013 du bist so wunderbar!<\/strong><\/p>\n<p>Wir lieben unsere Heimatstadt Berlin. Seit Inge Stamm 1978 mit jeder Menge Kreativit\u00e4t und Pioniergeist ihre kleine Kreuzberger Manufaktur gegr\u00fcndet hat, sind Firmen- und Stadtgeschichte eng mit einander verwoben \u2013 bunt, lebendig, aufregend. So wie unsere geliebte Stadt aus verschiedenen D\u00f6rfern und vielen Nationalit\u00e4ten zu einer riesigen Metropole gewachsen ist, so setzt auch die Berlin Serie auf regionale Klassiker und internationale Spitzenwirkstoffe: Heimische Pflanzen wie Ringelblume, Karotten und Sonnenhut landen mit pal\u00e4stinensischem Oliven\u00f6l, Sheabutter aus Uganda und marokkanischem Argan\u00f6l im \u201eMelting Pot\u201c unserer Produktion.<br \/>\nDie Extrakte der hiesigen Kr\u00e4uter bilden dabei eine besonders effektive Pflegeeinheit: Die Antioxidantien des Sonnenhuts st\u00e4rken die Abwehrkr\u00e4fte, Ringelblume beruhigt und f\u00f6rdert die Zellneubildung, Karotte versorgt mit hautgl\u00e4ttenden Vitaminen. Die kaltgepressten Bio-\u00d6le halten geschmeidig und sch\u00fctzen vor Austrocknung.<\/p>\n<p>****<\/p>\n<p>Die Macher von i+m bezeichnen sich selbst als Kosmetikrebellen und Pflanzenkraftauskenner. Und das zurecht! Lest <a href=\"https:\/\/www.iplusm.berlin\/ueber-iplusm\/seit-1978\/\" target=\"_blank\" rel=\"noopener\">hier<\/a> die ganze Erfolgsstory der bekennenden Gutmenschen und Bio-Vegan-Pioniere.<\/p>\n<p>Ich kenne bereits einige Produkte von i+m und bin mehr als begeistert. \u00dcber verschiedene Cremes, die ich probierte, kann ich sagen, dass sie von angenehm unaufdringlichem Geruch sind, sich gut auf der Haut verteilen lassen, leicht einziehen und keine fettigen R\u00fcckst\u00e4nde hinterlassen. Die Haut f\u00fchlt sich zart und geschmeidig an. Hat man sie mal probiert, will man keine andere mehr.<\/p>\n<p>Jetzt habt ihr die M\u00f6glichkeit dieses wunderbare Einsteigerset mit limitiertem Beutel zu erhalten. B\u00e4renstark!<\/p>\n<p>Es gilt: Kommentieren. Teilen. Gewinnen.<\/p>\n<p>Alle Daumen sind gedr\u00fcckt!<\/p>\n<p>P.S. Sylke fetzt voll. Sie ist super engagiert, kreativ und unfassbar humorvoll. Ich mag sie sehr &#8211; seit Jahren. <\/p>\n","protected":false},"excerpt":{"rendered":"<p>Das vierzehnte T\u00fcrchen \u00f6ffnet sich&#8230;<\/p>\n","protected":false},"author":2,"featured_media":353,"comment_status":"closed","ping_status":"open","sticky":false,"template":"","format":"standard","meta":{"footnotes":""},"categories":[9],"tags":[],"class_list":["post-544","post","type-post","status-publish","format-standard","has-post-thumbnail","hentry","category-charle-friends-adventskalender-2017"],"_links":{"self":[{"href":"https:\/\/planet4u.de\/charle\/blog\/wp-json\/wp\/v2\/posts\/544","targetHints":{"allow":["GET"]}}],"collection":[{"href":"https:\/\/planet4u.de\/charle\/blog\/wp-json\/wp\/v2\/posts"}],"about":[{"href":"https:\/\/planet4u.de\/charle\/blog\/wp-json\/wp\/v2\/types\/post"}],"author":[{"embeddable":true,"href":"https:\/\/planet4u.de\/charle\/blog\/wp-json\/wp\/v2\/users\/2"}],"replies":[{"embeddable":true,"href":"https:\/\/planet4u.de\/charle\/blog\/wp-json\/wp\/v2\/comments?post=544"}],"version-history":[{"count":16,"href":"https:\/\/planet4u.de\/charle\/blog\/wp-json\/wp\/v2\/posts\/544\/revisions"}],"predecessor-version":[{"id":619,"href":"https:\/\/planet4u.de\/charle\/blog\/wp-json\/wp\/v2\/posts\/544\/revisions\/619"}],"wp:featuredmedia":[{"embeddable":true,"href":"https:\/\/planet4u.de\/charle\/blog\/wp-json\/wp\/v2\/media\/353"}],"wp:attachment":[{"href":"https:\/\/planet4u.de\/charle\/blog\/wp-json\/wp\/v2\/media?parent=544"}],"wp:term":[{"taxonomy":"category","embeddable":true,"href":"https:\/\/planet4u.de\/charle\/blog\/wp-json\/wp\/v2\/categories?post=544"},{"taxonomy":"post_tag","embeddable":true,"href":"https:\/\/planet4u.de\/charle\/blog\/wp-json\/wp\/v2\/tags?post=544"}],"curies":[{"name":"wp","href":"https:\/\/api.w.org\/{rel}","templated":true}]}}