{"id":546,"date":"2017-12-15T00:01:17","date_gmt":"2017-12-14T23:01:17","guid":{"rendered":"https:\/\/planet4u.de\/charle\/blog\/?p=546"},"modified":"2018-02-24T09:26:19","modified_gmt":"2018-02-24T08:26:19","slug":"15-dezember-2017","status":"publish","type":"post","link":"https:\/\/planet4u.de\/charle\/blog\/2017\/12\/15\/15-dezember-2017\/","title":{"rendered":"15. Dezember 2017"},"content":{"rendered":"<p>Das f\u00fcnfzehnte T\u00fcrchen \u00f6ffnet sich&#8230;<br \/>\n<!--more--><br \/>\n&#8230;und heraus spaziert unser tr\u00e8s chicer Latzrock. Ne Wucht!<\/p>\n<p><img loading=\"lazy\" decoding=\"async\" src=\"https:\/\/planet4u.de\/charle\/blog\/wp-content\/uploads\/2017\/12\/1BP9529.jpg\" alt=\"\" width=\"2832\" height=\"4256\" class=\"alignleft size-full wp-image-628\" srcset=\"https:\/\/planet4u.de\/charle\/blog\/wp-content\/uploads\/2017\/12\/1BP9529.jpg 2832w, https:\/\/planet4u.de\/charle\/blog\/wp-content\/uploads\/2017\/12\/1BP9529-200x300.jpg 200w, https:\/\/planet4u.de\/charle\/blog\/wp-content\/uploads\/2017\/12\/1BP9529-768x1154.jpg 768w, https:\/\/planet4u.de\/charle\/blog\/wp-content\/uploads\/2017\/12\/1BP9529-681x1024.jpg 681w\" sizes=\"auto, (max-width: 767px) 89vw, (max-width: 1000px) 54vw, (max-width: 1071px) 543px, 580px\" \/><\/p>\n<p>Latzr\u00f6cke sind einfach toll. Sportlich &#038; festlich. F\u00fcr jeden Anlass kombinierbar.<\/p>\n<p>Dieser hier ist wie ein Tellerrock konstruiert. Die Besonderheit: Vorn ist eine unsichtbare K\u00e4ngurutasche eingearbeitet, um kleine Sch\u00e4tze zu verstauen.<\/p>\n<p>Mit Gummizug in der Taille, angen\u00e4htem Saum, kurzem Latz und extra langen Bindeb\u00e4ndern kommt er kein bisschen bieder daher.<\/p>\n<p>Kleine und gro\u00dfe M\u00e4dchen lieben ihn. Im Ernst &#8211; weil er auch bei den Muttis so beliebt ist, gibt es ihn bei uns auch in den Gr\u00f6\u00dfen 36 bis 40. Ich selbst trage ihn auch in der Cordvariante. Kristin, die Frau unseres waschechten Lieblingsitalieners Giuseppe, tr\u00e4gt ihn auch.<br \/>\nVor allem aber die kleinen M\u00e4dels, um die es hier eigentlich geht.<\/p>\n<!-- MetaSlider 631 not found -->\n<p>Die Stoffe, in bew\u00e4hrter Bioqualit\u00e4t (GOTS zertifiziert), werden in Deutschland produziert. Der Schnitt zum Rock entstand, wie alle unsere Schnitte, im Berliner Atelier. Da, wo auch die R\u00f6cke mit viel Liebe gen\u00e4ht werden. Komm uns doch mal in der Hasenh\u00f6hle besuchen und schaue uns \u00fcber die Schulter.      <\/p>\n<p>\u00dcbrigens: Unsere Produkte laufen beim Waschen weder ein, noch verdrehen sie sich. Dufte!<\/p>\n<p><img loading=\"lazy\" decoding=\"async\" src=\"https:\/\/planet4u.de\/charle\/blog\/wp-content\/uploads\/2017\/12\/x_1BP9489_bearbeitet.jpg\" alt=\"\" width=\"2832\" height=\"4256\" class=\"alignleft size-full wp-image-621\" srcset=\"https:\/\/planet4u.de\/charle\/blog\/wp-content\/uploads\/2017\/12\/x_1BP9489_bearbeitet.jpg 2832w, https:\/\/planet4u.de\/charle\/blog\/wp-content\/uploads\/2017\/12\/x_1BP9489_bearbeitet-200x300.jpg 200w, https:\/\/planet4u.de\/charle\/blog\/wp-content\/uploads\/2017\/12\/x_1BP9489_bearbeitet-768x1154.jpg 768w, https:\/\/planet4u.de\/charle\/blog\/wp-content\/uploads\/2017\/12\/x_1BP9489_bearbeitet-681x1024.jpg 681w\" sizes=\"auto, (max-width: 767px) 89vw, (max-width: 1000px) 54vw, (max-width: 1071px) 543px, 580px\" \/><\/p>\n<p>Um in den Lostopf zu gelangen kommentiert wie immer diesen Beitrag, nennt uns die gew\u00fcnschte Gr\u00f6\u00dfe 86-152 und Lieblings-Farbkombination. Wir freuen uns auch dar\u00fcber, wenn ihr uns erz\u00e4hlt, zu welchem Anlass euer M\u00e4uschen diesen Rock anziehen w\u00fcrde.<\/p>\n<p>Viel Gl\u00fcck und einen wunderbaren Wochenausklang! <\/p>\n","protected":false},"excerpt":{"rendered":"<p>Das f\u00fcnfzehnte T\u00fcrchen \u00f6ffnet sich&#8230;<\/p>\n","protected":false},"author":2,"featured_media":353,"comment_status":"closed","ping_status":"open","sticky":false,"template":"","format":"standard","meta":{"footnotes":""},"categories":[9],"tags":[],"class_list":["post-546","post","type-post","status-publish","format-standard","has-post-thumbnail","hentry","category-charle-friends-adventskalender-2017"],"_links":{"self":[{"href":"https:\/\/planet4u.de\/charle\/blog\/wp-json\/wp\/v2\/posts\/546","targetHints":{"allow":["GET"]}}],"collection":[{"href":"https:\/\/planet4u.de\/charle\/blog\/wp-json\/wp\/v2\/posts"}],"about":[{"href":"https:\/\/planet4u.de\/charle\/blog\/wp-json\/wp\/v2\/types\/post"}],"author":[{"embeddable":true,"href":"https:\/\/planet4u.de\/charle\/blog\/wp-json\/wp\/v2\/users\/2"}],"replies":[{"embeddable":true,"href":"https:\/\/planet4u.de\/charle\/blog\/wp-json\/wp\/v2\/comments?post=546"}],"version-history":[{"count":7,"href":"https:\/\/planet4u.de\/charle\/blog\/wp-json\/wp\/v2\/posts\/546\/revisions"}],"predecessor-version":[{"id":639,"href":"https:\/\/planet4u.de\/charle\/blog\/wp-json\/wp\/v2\/posts\/546\/revisions\/639"}],"wp:featuredmedia":[{"embeddable":true,"href":"https:\/\/planet4u.de\/charle\/blog\/wp-json\/wp\/v2\/media\/353"}],"wp:attachment":[{"href":"https:\/\/planet4u.de\/charle\/blog\/wp-json\/wp\/v2\/media?parent=546"}],"wp:term":[{"taxonomy":"category","embeddable":true,"href":"https:\/\/planet4u.de\/charle\/blog\/wp-json\/wp\/v2\/categories?post=546"},{"taxonomy":"post_tag","embeddable":true,"href":"https:\/\/planet4u.de\/charle\/blog\/wp-json\/wp\/v2\/tags?post=546"}],"curies":[{"name":"wp","href":"https:\/\/api.w.org\/{rel}","templated":true}]}}